{"id":9651,"date":"2018-12-01T13:10:30","date_gmt":"2018-12-01T13:10:30","guid":{"rendered":"https:\/\/coursarabe-daralbayan.fr\/how-did-the-arabic-language-begin\/"},"modified":"2023-05-22T12:30:01","modified_gmt":"2023-05-22T12:30:01","slug":"comment-la-langue-arabe-a-t-elle-commence","status":"publish","type":"post","link":"https:\/\/dar-albayan.com\/fr\/comment-la-langue-arabe-a-t-elle-commence\/","title":{"rendered":"Comment la langue arabe a-t- elle commenc\u00e9?"},"content":{"rendered":"<p>Comment la langue arabe a-t- elle commenc\u00e9? Sans la<br \/>\ndate exacte de l&#8217;origine des langues, la langue arabe a<br \/>\nsuivi la m\u00eame approche que<br \/>\nles pr\u00e9c\u00e9dentes. Des diff\u00e9rences ont \u00e9t\u00e9<br \/>\nobserv\u00e9es quant \u00e0 la fa\u00e7on dont la langue arabe est apparue \u00e9galement. On dit que&#8230;<br \/>\nLIRE LA SUITE<br \/>\nIl est dit que la langue arabe<br \/>\n\u00e9tait la langue d&#8217;Adam et Hawaa lorsqu&#8217;ils \u00e9taient au<br \/>\nParadis, et certains disent<\/p>\n<p>que &#8220;Ibn Qahtan&#8221; est le<br \/>\npremier \u00e0 avoir parl\u00e9 l&#8217;arabe, tandis que d&#8217;autres ont<br \/>\ndiff\u00e9rentes opinions,<br \/>\ntout comme certains affirment<br \/>\nque le proph\u00e8te Isma\u00ebl est le premier \u00e0 avoir parl\u00e9 en<br \/>\narabe.<br \/>\nCependant, il<br \/>\nest difficile d e prouver c e s<br \/>\naffirmations, et aucune opinion ne pr\u00e9vaut sur les<br \/>\nautres. Ind\u00e9pendamment de la<\/p>\n<p>fa\u00e7on dont la langue arabe a<br \/>\ncommenc\u00e9, li est ind\u00e9niable que la beaut\u00e9 de la langue arabe a attir\u00e9 de nombreux<br \/>\n\u00e9rudits et<br \/>\npenseurs pour l&#8217;\u00e9tudier et l&#8217;utiliser dans<br \/>\nl&#8217;\u00e9criture de leurs po\u00e8mes et de leurs aspects th\u00e9oriques.<\/p>\n","protected":false},"excerpt":{"rendered":"<p>Comment la langue arabe a-t- elle commenc\u00e9? Sans la date exacte de l&#8217;origine des langues, la langue arabe a suivi la m\u00eame approche que les pr\u00e9c\u00e9dentes. Des diff\u00e9rences ont \u00e9t\u00e9 observ\u00e9es quant \u00e0 la fa\u00e7on dont la langue arabe est &hellip; <\/p>\n","protected":false},"author":1,"featured_media":0,"comment_status":"closed","ping_status":"closed","sticky":false,"template":"","format":"standard","meta":{"om_disable_all_campaigns":false,"_mi_skip_tracking":false,"_monsterinsights_sitenote_active":false,"_monsterinsights_sitenote_note":"","_monsterinsights_sitenote_category":0,"footnotes":""},"categories":[663],"tags":[],"aioseo_notices":[],"yoast_head":"<!-- This site is optimized with the Yoast SEO plugin v21.1 - https:\/\/yoast.com\/wordpress\/plugins\/seo\/ -->\n<title>Comment la langue arabe a-t- elle commenc\u00e9? - Dar Al Bayan<\/title>\n<meta name=\"robots\" content=\"noindex, follow, max-snippet:-1, max-image-preview:large, max-video-preview:-1\" \/>\n<meta property=\"og:locale\" content=\"fr_FR\" \/>\n<meta property=\"og:type\" content=\"article\" \/>\n<meta property=\"og:title\" content=\"Comment la langue arabe a-t- elle commenc\u00e9? - Dar Al Bayan\" \/>\n<meta property=\"og:description\" content=\"Comment la langue arabe a-t- elle commenc\u00e9? Sans la date exacte de l&#8217;origine des langues, la langue arabe a suivi la m\u00eame approche que les pr\u00e9c\u00e9dentes. Des diff\u00e9rences ont \u00e9t\u00e9 observ\u00e9es quant \u00e0 la fa\u00e7on dont la langue arabe est &hellip;\" \/>\n<meta property=\"og:url\" content=\"https:\/\/dar-albayan.com\/fr\/comment-la-langue-arabe-a-t-elle-commence\/\" \/>\n<meta property=\"og:site_name\" content=\"Dar Al Bayan\" \/>\n<meta property=\"article:published_time\" content=\"2018-12-01T13:10:30+00:00\" \/>\n<meta property=\"article:modified_time\" content=\"2023-05-22T12:30:01+00:00\" \/>\n<meta name=\"author\" content=\"admin\" \/>\n<meta name=\"twitter:card\" content=\"summary_large_image\" \/>\n<meta name=\"twitter:label1\" content=\"\u00c9crit par\" \/>\n\t<meta name=\"twitter:data1\" content=\"admin\" \/>\n\t<meta name=\"twitter:label2\" content=\"Dur\u00e9e de lecture estim\u00e9e\" \/>\n\t<meta name=\"twitter:data2\" content=\"1 minute\" \/>\n<script type=\"application\/ld+json\" class=\"yoast-schema-graph\">{\"@context\":\"https:\/\/schema.org\",\"@graph\":[{\"@type\":\"Article\",\"@id\":\"https:\/\/dar-albayan.com\/fr\/comment-la-langue-arabe-a-t-elle-commence\/#article\",\"isPartOf\":{\"@id\":\"https:\/\/dar-albayan.com\/fr\/comment-la-langue-arabe-a-t-elle-commence\/\"},\"author\":{\"name\":\"admin\",\"@id\":\"\/#\/schema\/person\/6abca0f25180679537416e05b9cff89a\"},\"headline\":\"Comment la langue arabe a-t- elle commenc\u00e9?\",\"datePublished\":\"2018-12-01T13:10:30+00:00\",\"dateModified\":\"2023-05-22T12:30:01+00:00\",\"mainEntityOfPage\":{\"@id\":\"https:\/\/dar-albayan.com\/fr\/comment-la-langue-arabe-a-t-elle-commence\/\"},\"wordCount\":187,\"publisher\":{\"@id\":\"\/#organization\"},\"articleSection\":[\"Blog\"],\"inLanguage\":\"fr-FR\"},{\"@type\":\"WebPage\",\"@id\":\"https:\/\/dar-albayan.com\/fr\/comment-la-langue-arabe-a-t-elle-commence\/\",\"url\":\"https:\/\/dar-albayan.com\/fr\/comment-la-langue-arabe-a-t-elle-commence\/\",\"name\":\"Comment la langue arabe a-t- elle commenc\u00e9? - Dar Al Bayan\",\"isPartOf\":{\"@id\":\"\/#website\"},\"datePublished\":\"2018-12-01T13:10:30+00:00\",\"dateModified\":\"2023-05-22T12:30:01+00:00\",\"breadcrumb\":{\"@id\":\"https:\/\/dar-albayan.com\/fr\/comment-la-langue-arabe-a-t-elle-commence\/#breadcrumb\"},\"inLanguage\":\"fr-FR\",\"potentialAction\":[{\"@type\":\"ReadAction\",\"target\":[\"https:\/\/dar-albayan.com\/fr\/comment-la-langue-arabe-a-t-elle-commence\/\"]}]},{\"@type\":\"BreadcrumbList\",\"@id\":\"https:\/\/dar-albayan.com\/fr\/comment-la-langue-arabe-a-t-elle-commence\/#breadcrumb\",\"itemListElement\":[{\"@type\":\"ListItem\",\"position\":1,\"name\":\"Home\",\"item\":\"https:\/\/dar-albayan.com\/fr\/\"},{\"@type\":\"ListItem\",\"position\":2,\"name\":\"Comment la langue arabe a-t- elle commenc\u00e9?\"}]},{\"@type\":\"WebSite\",\"@id\":\"\/#website\",\"url\":\"\/\",\"name\":\"Dar Al Bayan\",\"description\":\"Learn Arabic and Quran with Tajweed Online\",\"publisher\":{\"@id\":\"\/#organization\"},\"potentialAction\":[{\"@type\":\"SearchAction\",\"target\":{\"@type\":\"EntryPoint\",\"urlTemplate\":\"\/?s={search_term_string}\"},\"query-input\":\"required name=search_term_string\"}],\"inLanguage\":\"fr-FR\"},{\"@type\":\"Organization\",\"@id\":\"\/#organization\",\"name\":\"Dar Al Bayan\",\"url\":\"\/\",\"logo\":{\"@type\":\"ImageObject\",\"inLanguage\":\"fr-FR\",\"@id\":\"\/#\/schema\/logo\/image\/\",\"url\":\"https:\/\/dar-albayan.com\/wp-content\/uploads\/2023\/05\/Dar-albayan2-copy-copy.png\",\"contentUrl\":\"https:\/\/dar-albayan.com\/wp-content\/uploads\/2023\/05\/Dar-albayan2-copy-copy.png\",\"width\":399,\"height\":164,\"caption\":\"Dar Al Bayan\"},\"image\":{\"@id\":\"\/#\/schema\/logo\/image\/\"}},{\"@type\":\"Person\",\"@id\":\"\/#\/schema\/person\/6abca0f25180679537416e05b9cff89a\",\"name\":\"admin\",\"image\":{\"@type\":\"ImageObject\",\"inLanguage\":\"fr-FR\",\"@id\":\"\/#\/schema\/person\/image\/\",\"url\":\"https:\/\/secure.gravatar.com\/avatar\/8f808f23ecefb2344f5471ce3c178942?s=96&d=mm&r=g\",\"contentUrl\":\"https:\/\/secure.gravatar.com\/avatar\/8f808f23ecefb2344f5471ce3c178942?s=96&d=mm&r=g\",\"caption\":\"admin\"},\"url\":\"https:\/\/dar-albayan.com\/fr\/author\/admin\/\"}]}<\/script>\n<!-- \/ Yoast SEO plugin. -->","yoast_head_json":{"title":"Comment la langue arabe a-t- elle commenc\u00e9? - Dar Al Bayan","robots":{"index":"noindex","follow":"follow","max-snippet":"max-snippet:-1","max-image-preview":"max-image-preview:large","max-video-preview":"max-video-preview:-1"},"og_locale":"fr_FR","og_type":"article","og_title":"Comment la langue arabe a-t- elle commenc\u00e9? - Dar Al Bayan","og_description":"Comment la langue arabe a-t- elle commenc\u00e9? Sans la date exacte de l&#8217;origine des langues, la langue arabe a suivi la m\u00eame approche que les pr\u00e9c\u00e9dentes. Des diff\u00e9rences ont \u00e9t\u00e9 observ\u00e9es quant \u00e0 la fa\u00e7on dont la langue arabe est &hellip;","og_url":"https:\/\/dar-albayan.com\/fr\/comment-la-langue-arabe-a-t-elle-commence\/","og_site_name":"Dar Al Bayan","article_published_time":"2018-12-01T13:10:30+00:00","article_modified_time":"2023-05-22T12:30:01+00:00","author":"admin","twitter_card":"summary_large_image","twitter_misc":{"\u00c9crit par":"admin","Dur\u00e9e de lecture estim\u00e9e":"1 minute"},"schema":{"@context":"https:\/\/schema.org","@graph":[{"@type":"Article","@id":"https:\/\/dar-albayan.com\/fr\/comment-la-langue-arabe-a-t-elle-commence\/#article","isPartOf":{"@id":"https:\/\/dar-albayan.com\/fr\/comment-la-langue-arabe-a-t-elle-commence\/"},"author":{"name":"admin","@id":"\/#\/schema\/person\/6abca0f25180679537416e05b9cff89a"},"headline":"Comment la langue arabe a-t- elle commenc\u00e9?","datePublished":"2018-12-01T13:10:30+00:00","dateModified":"2023-05-22T12:30:01+00:00","mainEntityOfPage":{"@id":"https:\/\/dar-albayan.com\/fr\/comment-la-langue-arabe-a-t-elle-commence\/"},"wordCount":187,"publisher":{"@id":"\/#organization"},"articleSection":["Blog"],"inLanguage":"fr-FR"},{"@type":"WebPage","@id":"https:\/\/dar-albayan.com\/fr\/comment-la-langue-arabe-a-t-elle-commence\/","url":"https:\/\/dar-albayan.com\/fr\/comment-la-langue-arabe-a-t-elle-commence\/","name":"Comment la langue arabe a-t- elle commenc\u00e9? - Dar Al Bayan","isPartOf":{"@id":"\/#website"},"datePublished":"2018-12-01T13:10:30+00:00","dateModified":"2023-05-22T12:30:01+00:00","breadcrumb":{"@id":"https:\/\/dar-albayan.com\/fr\/comment-la-langue-arabe-a-t-elle-commence\/#breadcrumb"},"inLanguage":"fr-FR","potentialAction":[{"@type":"ReadAction","target":["https:\/\/dar-albayan.com\/fr\/comment-la-langue-arabe-a-t-elle-commence\/"]}]},{"@type":"BreadcrumbList","@id":"https:\/\/dar-albayan.com\/fr\/comment-la-langue-arabe-a-t-elle-commence\/#breadcrumb","itemListElement":[{"@type":"ListItem","position":1,"name":"Home","item":"https:\/\/dar-albayan.com\/fr\/"},{"@type":"ListItem","position":2,"name":"Comment la langue arabe a-t- elle commenc\u00e9?"}]},{"@type":"WebSite","@id":"\/#website","url":"\/","name":"Dar Al Bayan","description":"Learn Arabic and Quran with Tajweed Online","publisher":{"@id":"\/#organization"},"potentialAction":[{"@type":"SearchAction","target":{"@type":"EntryPoint","urlTemplate":"\/?s={search_term_string}"},"query-input":"required name=search_term_string"}],"inLanguage":"fr-FR"},{"@type":"Organization","@id":"\/#organization","name":"Dar Al Bayan","url":"\/","logo":{"@type":"ImageObject","inLanguage":"fr-FR","@id":"\/#\/schema\/logo\/image\/","url":"https:\/\/dar-albayan.com\/wp-content\/uploads\/2023\/05\/Dar-albayan2-copy-copy.png","contentUrl":"https:\/\/dar-albayan.com\/wp-content\/uploads\/2023\/05\/Dar-albayan2-copy-copy.png","width":399,"height":164,"caption":"Dar Al Bayan"},"image":{"@id":"\/#\/schema\/logo\/image\/"}},{"@type":"Person","@id":"\/#\/schema\/person\/6abca0f25180679537416e05b9cff89a","name":"admin","image":{"@type":"ImageObject","inLanguage":"fr-FR","@id":"\/#\/schema\/person\/image\/","url":"https:\/\/secure.gravatar.com\/avatar\/8f808f23ecefb2344f5471ce3c178942?s=96&d=mm&r=g","contentUrl":"https:\/\/secure.gravatar.com\/avatar\/8f808f23ecefb2344f5471ce3c178942?s=96&d=mm&r=g","caption":"admin"},"url":"https:\/\/dar-albayan.com\/fr\/author\/admin\/"}]}},"_links":{"self":[{"href":"https:\/\/dar-albayan.com\/fr\/wp-json\/wp\/v2\/posts\/9651"}],"collection":[{"href":"https:\/\/dar-albayan.com\/fr\/wp-json\/wp\/v2\/posts"}],"about":[{"href":"https:\/\/dar-albayan.com\/fr\/wp-json\/wp\/v2\/types\/post"}],"author":[{"embeddable":true,"href":"https:\/\/dar-albayan.com\/fr\/wp-json\/wp\/v2\/users\/1"}],"replies":[{"embeddable":true,"href":"https:\/\/dar-albayan.com\/fr\/wp-json\/wp\/v2\/comments?post=9651"}],"version-history":[{"count":1,"href":"https:\/\/dar-albayan.com\/fr\/wp-json\/wp\/v2\/posts\/9651\/revisions"}],"predecessor-version":[{"id":10616,"href":"https:\/\/dar-albayan.com\/fr\/wp-json\/wp\/v2\/posts\/9651\/revisions\/10616"}],"wp:attachment":[{"href":"https:\/\/dar-albayan.com\/fr\/wp-json\/wp\/v2\/media?parent=9651"}],"wp:term":[{"taxonomy":"category","embeddable":true,"href":"https:\/\/dar-albayan.com\/fr\/wp-json\/wp\/v2\/categories?post=9651"},{"taxonomy":"post_tag","embeddable":true,"href":"https:\/\/dar-albayan.com\/fr\/wp-json\/wp\/v2\/tags?post=9651"}],"curies":[{"name":"wp","href":"https:\/\/api.w.org\/{rel}","templated":true}]}}